{
    "id": 19677,
    "date": "2023-08-28T17:46:57",
    "date_gmt": "2023-08-28T17:46:57",
    "guid": {
        "rendered": "https:\/\/conference.hu\/?post_type=mphb_room_type&#038;p=19677"
    },
    "modified": "2023-08-28T18:07:22",
    "modified_gmt": "2023-08-28T18:07:22",
    "slug": "feketerigo-hotel-2-agyas-szoba-szurkefarkas-konferencia",
    "status": "publish",
    "type": "mphb_room_type",
    "link": "https:\/\/conference.hu\/hu\/accommodation\/feketerigo-hotel-2-agyas-szoba-szurkefarkas-konferencia\/",
    "title": {
        "rendered": "Feketerig\u00f3 Hotel 2 \u00e1gyas szoba &#8211; Sz\u00fcrkefarkas Konferencia"
    },
    "content": {
        "rendered": "<p>Feketerig\u00f3 Hotel 2 \u00e1gyas szoba &#8211; Sz\u00fcrkefarkas Konferencia<\/p>",
        "protected": false
    },
    "excerpt": {
        "rendered": "<p>Feketerig\u00f3 Hotel 2 \u00e1gyas szoba &#8211; Sz\u00fcrkefarkas Konferencia<\/p>",
        "protected": false
    },
    "featured_media": 19584,
    "menu_order": 0,
    "comment_status": "open",
    "ping_status": "closed",
    "template": "",
    "mphb_room_type_category": [],
    "mphb_room_type_tag": [],
    "mphb_room_type_facility": [],
    "class_list": [
        "post-19677",
        "mphb_room_type",
        "type-mphb_room_type",
        "status-publish",
        "has-post-thumbnail",
        "hentry",
        "mphb-room-type-adults-2",
        "mphb-room-type-children-0",
        ""
    ],
    "_links": {
        "self": [
            {
                "href": "https:\/\/conference.hu\/hu\/wp-json\/wp\/v2\/mphb_room_type\/19677",
                "targetHints": {
                    "allow": [
                        "GET"
                    ]
                }
            }
        ],
        "collection": [
            {
                "href": "https:\/\/conference.hu\/hu\/wp-json\/wp\/v2\/mphb_room_type"
            }
        ],
        "about": [
            {
                "href": "https:\/\/conference.hu\/hu\/wp-json\/wp\/v2\/types\/mphb_room_type"
            }
        ],
        "replies": [
            {
                "embeddable": true,
                "href": "https:\/\/conference.hu\/hu\/wp-json\/wp\/v2\/comments?post=19677"
            }
        ],
        "wp:featuredmedia": [
            {
                "embeddable": true,
                "href": "https:\/\/conference.hu\/hu\/wp-json\/wp\/v2\/media\/19584"
            }
        ],
        "wp:attachment": [
            {
                "href": "https:\/\/conference.hu\/hu\/wp-json\/wp\/v2\/media?parent=19677"
            }
        ],
        "wp:term": [
            {
                "taxonomy": "mphb_room_type_category",
                "embeddable": true,
                "href": "https:\/\/conference.hu\/hu\/wp-json\/wp\/v2\/mphb_room_type_category?post=19677"
            },
            {
                "taxonomy": "mphb_room_type_tag",
                "embeddable": true,
                "href": "https:\/\/conference.hu\/hu\/wp-json\/wp\/v2\/mphb_room_type_tag?post=19677"
            },
            {
                "taxonomy": "mphb_room_type_facility",
                "embeddable": true,
                "href": "https:\/\/conference.hu\/hu\/wp-json\/wp\/v2\/mphb_room_type_facility?post=19677"
            }
        ],
        "curies": [
            {
                "name": "wp",
                "href": "https:\/\/api.w.org\/{rel}",
                "templated": true
            }
        ]
    }
}