{
    "id": 19114,
    "date": "2023-06-28T08:16:10",
    "date_gmt": "2023-06-28T08:16:10",
    "guid": {
        "rendered": "https:\/\/eventmanagement.hu\/?post_type=cpt_services&#038;p=19114"
    },
    "modified": "2023-07-19T19:53:31",
    "modified_gmt": "2023-07-19T19:53:31",
    "slug": "medipub",
    "status": "publish",
    "type": "cpt_services",
    "link": "https:\/\/conference.hu\/hu\/ajanlat\/medipub\/",
    "title": {
        "rendered": "MediPub"
    },
    "content": {
        "rendered": "<p>A Medipub klub az eg\u00e9szs\u00e9g\u00fcgyben dolgoz\u00f3 \u00e9s tanul\u00f3, illetve a szakm\u00e1hoz kapcsol\u00f3d\u00f3 term\u00e9kgy\u00e1rt\u00f3k \u00e9s forgalmaz\u00f3k \u00f6sszeismertet\u00e9s\u00e9re j\u00f6tt l\u00e9tre. A szakmai csapat\u00e9p\u00edt\u0151 programra felh\u0151tlen \u00e9s oldott hangulatban ker\u00edt\u00fcnk sort havi rendszeress\u00e9ggel a Medipub rendezv\u00e9nyhelysz\u00edn falai k\u00f6z\u00f6tt. Az rendezv\u00e9nyek minden h\u00f3nap cs\u00fct\u00f6rt\u00f6ki napj\u00e1n ker\u00fclnek megrendez\u00e9sre, a rendezv\u00e9nysorozat c\u00e9lja pedig a szakmai berkeken bel\u00fcli ismerked\u00e9s, egy k\u00f6tetlen hangulat\u00fa party keret\u00e9ben.<\/p><p>A Medipub klub a r\u00e9sztvev\u0151knek f\u00e9nyk\u00e9pes klubtags\u00e1gi igazolv\u00e1nyt bocs\u00e1jt ki, mely biztos\u00edtja az ingyenes bel\u00e9p\u00e9st a klubestekre, \u00e9s emellett sok m\u00e1s kedvezm\u00e9nyre is feljogos\u00edtja tulajdonos\u00e1t.<\/p><p>A jelentkez\u0151k a regisztr\u00e1ci\u00f3 sor\u00e1n kit\u00f6ltik a sz\u00fcks\u00e9ges adatlapot \u00e9s mell\u00e9kelnek egy f\u00e9nyk\u00e9pet, majd a k\u00f6vetkez\u0151 rendezv\u00e9ny keretein bel\u00fcl \u00e1tveheti klubk\u00e1rty\u00e1jukat. A klubtags\u00e1g tulajdonosai automatikusan el\u0151fizet\u00e9st nyernek a Club&amp;Holiday h\u00edrlev\u00e9lre \u00e9s magazinra, valamint r\u00e9szt vehetnek a Medipub \u00e1ltal szervezett kedvezm\u00e9nyes kir\u00e1ndul\u00e1sokon.<\/p><figure class=\"wp-block-gallery has-nested-images columns-default is-cropped wp-block-gallery-1 is-layout-flex wp-block-gallery-is-layout-flex\"><\/figure>",
        "protected": false
    },
    "excerpt": {
        "rendered": "<p>A Medipub klub az eg\u00e9szs\u00e9g\u00fcgyben dolgoz\u00f3 \u00e9s tanul\u00f3, illetve a szakm\u00e1hoz kapcsol\u00f3d\u00f3 term\u00e9kgy\u00e1rt\u00f3k \u00e9s forgalmaz\u00f3k \u00f6sszeismertet\u00e9s\u00e9re j\u00f6tt l\u00e9tre. A szakmai csapat\u00e9p\u00edt\u0151 programra felh\u0151tlen \u00e9s oldott hangulatban ker\u00edt\u00fcnk sort havi rendszeress\u00e9ggel&hellip;<\/p>",
        "protected": false
    },
    "author": 97,
    "featured_media": 19115,
    "comment_status": "closed",
    "ping_status": "closed",
    "template": "",
    "cpt_services_group": [
        245
    ],
    "class_list": [
        "post-19114",
        "cpt_services",
        "type-cpt_services",
        "status-publish",
        "has-post-thumbnail",
        "hentry",
        "cpt_services_group-klub-rendezvenyek"
    ],
    "_links": {
        "self": [
            {
                "href": "https:\/\/conference.hu\/hu\/wp-json\/wp\/v2\/cpt_services\/19114",
                "targetHints": {
                    "allow": [
                        "GET"
                    ]
                }
            }
        ],
        "collection": [
            {
                "href": "https:\/\/conference.hu\/hu\/wp-json\/wp\/v2\/cpt_services"
            }
        ],
        "about": [
            {
                "href": "https:\/\/conference.hu\/hu\/wp-json\/wp\/v2\/types\/cpt_services"
            }
        ],
        "author": [
            {
                "embeddable": true,
                "href": "https:\/\/conference.hu\/hu\/wp-json\/wp\/v2\/users\/97"
            }
        ],
        "replies": [
            {
                "embeddable": true,
                "href": "https:\/\/conference.hu\/hu\/wp-json\/wp\/v2\/comments?post=19114"
            }
        ],
        "wp:featuredmedia": [
            {
                "embeddable": true,
                "href": "https:\/\/conference.hu\/hu\/wp-json\/wp\/v2\/media\/19115"
            }
        ],
        "wp:attachment": [
            {
                "href": "https:\/\/conference.hu\/hu\/wp-json\/wp\/v2\/media?parent=19114"
            }
        ],
        "wp:term": [
            {
                "taxonomy": "cpt_services_group",
                "embeddable": true,
                "href": "https:\/\/conference.hu\/hu\/wp-json\/wp\/v2\/cpt_services_group?post=19114"
            }
        ],
        "curies": [
            {
                "name": "wp",
                "href": "https:\/\/api.w.org\/{rel}",
                "templated": true
            }
        ]
    }
}