{
    "id": 19099,
    "date": "2023-06-28T08:03:54",
    "date_gmt": "2023-06-28T08:03:54",
    "guid": {
        "rendered": "https:\/\/eventmanagement.hu\/?post_type=cpt_services&#038;p=19099"
    },
    "modified": "2023-07-19T19:53:41",
    "modified_gmt": "2023-07-19T19:53:41",
    "slug": "exkluziv-csapatepites-a-veli-bej-furdoben",
    "status": "publish",
    "type": "cpt_services",
    "link": "https:\/\/conference.hu\/hu\/ajanlat\/exkluziv-csapatepites-a-veli-bej-furdoben\/",
    "title": {
        "rendered": "Exkluz\u00edv Csapat\u00e9p\u00edt\u00e9s a Veli Bej F\u00fcrd\u0151ben"
    },
    "content": {
        "rendered": "<p>Sz\u00f3rakoztat\u00f3, j\u00e1t\u00e9kos, vid\u00e1m csapat\u00e9p\u00edt\u0151 programok Budapest egyik legexluz\u00edvabb hely\u00e9n, a Veli Bej F\u00fcrd\u0151 ter\u00fclet\u00e9n!<\/p><p>A XVI. sz\u00e1zadi t\u00f6r\u00f6k f\u00fcrd\u0151t teljesk\u00f6r\u0171en fel\u00fajj\u00edtott\u00e1k \u00e9s modern felszerel\u00e9sekkel l\u00e1tt\u00e1k el, \u00edgy a keleti hangulat mellett a k\u00fcl\u00f6nb\u00f6z\u0151 medenc\u00e9ket \u00e9s wellness r\u00e9szleget is \u00e9lvezhetik a vend\u00e9gek. A var\u00e1zslatos keleti hangulatot fokozzuk hast\u00e1nc showwal \u00e9s az elmaradhatatlan vizipip\u00e1val, mely a csapat\u00e9p\u00edt\u0151 csomagunk r\u00e9sze.<\/p><p>Garant\u00e1ljuk, hogy felejthetetlen \u00e9lm\u00e9nyt szerz\u00fcnk \u00d6nnek \u00e9s csapat\u00e1nak!<\/p><figure class=\"wp-block-gallery has-nested-images columns-default is-cropped wp-block-gallery-1 is-layout-flex wp-block-gallery-is-layout-flex\"><figure class=\"wp-block-image size-large\"><img data-recalc-dims=\"1\" fetchpriority=\"high\" decoding=\"async\" width=\"348\" height=\"200\" data-id=\"19100\" src=\"https:\/\/i0.wp.com\/eventmanagement.hu\/wp-content\/uploads\/2023\/06\/ceges_csapatepites_beli_vej_furdo_1.jpg?resize=348%2C200&#038;ssl=1\" alt=\"\" class=\"wp-image-19100\" srcset=\"https:\/\/i0.wp.com\/conference.hu\/wp-content\/uploads\/2023\/06\/ceges_csapatepites_beli_vej_furdo_1.jpg?w=348&amp;ssl=1 348w, https:\/\/i0.wp.com\/conference.hu\/wp-content\/uploads\/2023\/06\/ceges_csapatepites_beli_vej_furdo_1.jpg?resize=300%2C172&amp;ssl=1 300w\" sizes=\"(max-width: 600px) 100vw, 348px\" \/><\/figure>\n\n<figure class=\"wp-block-image size-large\"><img data-recalc-dims=\"1\" decoding=\"async\" width=\"348\" height=\"200\" data-id=\"19101\" src=\"https:\/\/i0.wp.com\/eventmanagement.hu\/wp-content\/uploads\/2023\/06\/ceges_csapatepites_beli_vej_furdo_3.jpg?resize=348%2C200&#038;ssl=1\" alt=\"\" class=\"wp-image-19101\" srcset=\"https:\/\/i0.wp.com\/conference.hu\/wp-content\/uploads\/2023\/06\/ceges_csapatepites_beli_vej_furdo_3.jpg?w=348&amp;ssl=1 348w, https:\/\/i0.wp.com\/conference.hu\/wp-content\/uploads\/2023\/06\/ceges_csapatepites_beli_vej_furdo_3.jpg?resize=300%2C172&amp;ssl=1 300w\" sizes=\"(max-width: 600px) 100vw, 348px\" \/><\/figure>\n\n<figure class=\"wp-block-image size-large\"><img data-recalc-dims=\"1\" decoding=\"async\" width=\"500\" height=\"200\" data-id=\"19102\" src=\"https:\/\/i0.wp.com\/eventmanagement.hu\/wp-content\/uploads\/2023\/06\/ceges_csapatepites_beli_vej_furdo.jpg?resize=500%2C200&#038;ssl=1\" alt=\"\" class=\"wp-image-19102\" srcset=\"https:\/\/i0.wp.com\/conference.hu\/wp-content\/uploads\/2023\/06\/ceges_csapatepites_beli_vej_furdo.jpg?w=500&amp;ssl=1 500w, https:\/\/i0.wp.com\/conference.hu\/wp-content\/uploads\/2023\/06\/ceges_csapatepites_beli_vej_furdo.jpg?resize=300%2C120&amp;ssl=1 300w, https:\/\/i0.wp.com\/conference.hu\/wp-content\/uploads\/2023\/06\/ceges_csapatepites_beli_vej_furdo.jpg?resize=370%2C148&amp;ssl=1 370w, https:\/\/i0.wp.com\/conference.hu\/wp-content\/uploads\/2023\/06\/ceges_csapatepites_beli_vej_furdo.jpg?resize=410%2C164&amp;ssl=1 410w\" sizes=\"(max-width: 600px) 100vw, 500px\" \/><\/figure><\/figure>",
        "protected": false
    },
    "excerpt": {
        "rendered": "<p>Sz\u00f3rakoztat\u00f3, j\u00e1t\u00e9kos, vid\u00e1m csapat\u00e9p\u00edt\u0151 programok Budapest egyik legexluz\u00edvabb hely\u00e9n, a Veli Bej F\u00fcrd\u0151 ter\u00fclet\u00e9n! A XVI. sz\u00e1zadi t\u00f6r\u00f6k f\u00fcrd\u0151t teljesk\u00f6r\u0171en fel\u00fajj\u00edtott\u00e1k \u00e9s modern felszerel\u00e9sekkel l\u00e1tt\u00e1k el, \u00edgy a keleti hangulat&hellip;<\/p>",
        "protected": false
    },
    "author": 97,
    "featured_media": 19103,
    "comment_status": "closed",
    "ping_status": "closed",
    "template": "",
    "cpt_services_group": [
        244
    ],
    "class_list": [
        "post-19099",
        "cpt_services",
        "type-cpt_services",
        "status-publish",
        "has-post-thumbnail",
        "hentry",
        "cpt_services_group-kiemelt-ajanlatok"
    ],
    "_links": {
        "self": [
            {
                "href": "https:\/\/conference.hu\/hu\/wp-json\/wp\/v2\/cpt_services\/19099",
                "targetHints": {
                    "allow": [
                        "GET"
                    ]
                }
            }
        ],
        "collection": [
            {
                "href": "https:\/\/conference.hu\/hu\/wp-json\/wp\/v2\/cpt_services"
            }
        ],
        "about": [
            {
                "href": "https:\/\/conference.hu\/hu\/wp-json\/wp\/v2\/types\/cpt_services"
            }
        ],
        "author": [
            {
                "embeddable": true,
                "href": "https:\/\/conference.hu\/hu\/wp-json\/wp\/v2\/users\/97"
            }
        ],
        "replies": [
            {
                "embeddable": true,
                "href": "https:\/\/conference.hu\/hu\/wp-json\/wp\/v2\/comments?post=19099"
            }
        ],
        "wp:featuredmedia": [
            {
                "embeddable": true,
                "href": "https:\/\/conference.hu\/hu\/wp-json\/wp\/v2\/media\/19103"
            }
        ],
        "wp:attachment": [
            {
                "href": "https:\/\/conference.hu\/hu\/wp-json\/wp\/v2\/media?parent=19099"
            }
        ],
        "wp:term": [
            {
                "taxonomy": "cpt_services_group",
                "embeddable": true,
                "href": "https:\/\/conference.hu\/hu\/wp-json\/wp\/v2\/cpt_services_group?post=19099"
            }
        ],
        "curies": [
            {
                "name": "wp",
                "href": "https:\/\/api.w.org\/{rel}",
                "templated": true
            }
        ]
    }
}