{
    "id": 18984,
    "date": "2023-06-27T06:09:29",
    "date_gmt": "2023-06-27T06:09:29",
    "guid": {
        "rendered": "https:\/\/eventmanagement.hu\/?post_type=cpt_services&#038;p=18984"
    },
    "modified": "2023-07-19T19:55:44",
    "modified_gmt": "2023-07-19T19:55:44",
    "slug": "csapatepites",
    "status": "publish",
    "type": "cpt_services",
    "link": "https:\/\/conference.hu\/hu\/ajanlat\/csapatepites\/",
    "title": {
        "rendered": "Csapat\u00e9p\u00edt\u00e9s"
    },
    "content": {
        "rendered": "<p>A csapat\u00e9p\u00edt\u0151 programok c\u00e9lja, hogy a munkat\u00e1rsak k\u00f6z\u00f6tti kommunik\u00e1ci\u00f3, egy\u00fcttm\u0171k\u00f6d\u00e9s, csapatmunka javuljon, \u00e9s a c\u00e9g fel\u00e9 ir\u00e1nyul\u00f3 a lojalit\u00e1s er\u0151s\u00f6dj\u00f6n.<\/p><p>Ezek a rendezv\u00e9nyeket a Conference &amp; Event Management t\u00f6bb \u00e9ves tapasztalattal a h\u00e1ta m\u00f6g\u00f6tt szervezi meg eleg\u00e1ns vagy ak\u00e1r extr\u00e9mebb rendezv\u00e9nyhelysz\u00edn kiv\u00e1laszt\u00e1s\u00e1val, szakmai csapat\u00e9p\u00edt\u0151 vagy j\u00e1t\u00e9kos jelleg\u0171 csapat\u00e9p\u00edt\u0151 programok keret\u00e9ben.<\/p><p>Csapat\u00e9p\u00edt\u0151 programok:<\/p><ul class=\"wp-block-list\"><li>Indoor tr\u00e9ning (z\u00e1rt termi keretek k\u00f6z\u00f6tt t\u00f6rt\u00e9nik, ink\u00e1bb szakmai jelleg\u0171 program)<\/li>\n\n<li>Outdoor tr\u00e9ning (Pl.: kalandt\u00fara, paint ball, k\u00f6t\u00e9lp\u00e1lya, bob, lovagl\u00e1s, barlangt\u00fara, t\u00fal\u00e9l\u0151t\u00fara, \u00f6nv\u00e9delmi bemutat\u00f3, stb.)<\/li><\/ul><p>A siker, kiv\u00e1l\u00f3 hangulat \u00e9s a felejthetetlen \u00e9lm\u00e9ny garant\u00e1lt!<\/p><figure class=\"wp-block-gallery has-nested-images columns-default is-cropped wp-block-gallery-1 is-layout-flex wp-block-gallery-is-layout-flex\"><figure class=\"wp-block-image size-large\"><img data-recalc-dims=\"1\" fetchpriority=\"high\" decoding=\"async\" width=\"500\" height=\"200\" data-id=\"18986\" src=\"https:\/\/i0.wp.com\/eventmanagement.hu\/wp-content\/uploads\/2023\/06\/ceges_rendezvenyek_csapatepitesek_1.jpg?resize=500%2C200&#038;ssl=1\" alt=\"\" class=\"wp-image-18986\" srcset=\"https:\/\/i0.wp.com\/conference.hu\/wp-content\/uploads\/2023\/06\/ceges_rendezvenyek_csapatepitesek_1.jpg?w=500&amp;ssl=1 500w, https:\/\/i0.wp.com\/conference.hu\/wp-content\/uploads\/2023\/06\/ceges_rendezvenyek_csapatepitesek_1.jpg?resize=300%2C120&amp;ssl=1 300w, https:\/\/i0.wp.com\/conference.hu\/wp-content\/uploads\/2023\/06\/ceges_rendezvenyek_csapatepitesek_1.jpg?resize=370%2C148&amp;ssl=1 370w, https:\/\/i0.wp.com\/conference.hu\/wp-content\/uploads\/2023\/06\/ceges_rendezvenyek_csapatepitesek_1.jpg?resize=410%2C164&amp;ssl=1 410w\" sizes=\"(max-width: 600px) 100vw, 500px\" \/><\/figure>\n\n<figure class=\"wp-block-image size-large\"><img data-recalc-dims=\"1\" decoding=\"async\" width=\"500\" height=\"200\" data-id=\"18987\" src=\"https:\/\/i0.wp.com\/eventmanagement.hu\/wp-content\/uploads\/2023\/06\/ceges_rendezvenyek_csapatepitesek_2-1.jpg?resize=500%2C200&#038;ssl=1\" alt=\"\" class=\"wp-image-18987\" srcset=\"https:\/\/i0.wp.com\/conference.hu\/wp-content\/uploads\/2023\/06\/ceges_rendezvenyek_csapatepitesek_2-1.jpg?w=500&amp;ssl=1 500w, https:\/\/i0.wp.com\/conference.hu\/wp-content\/uploads\/2023\/06\/ceges_rendezvenyek_csapatepitesek_2-1.jpg?resize=300%2C120&amp;ssl=1 300w, https:\/\/i0.wp.com\/conference.hu\/wp-content\/uploads\/2023\/06\/ceges_rendezvenyek_csapatepitesek_2-1.jpg?resize=370%2C148&amp;ssl=1 370w, https:\/\/i0.wp.com\/conference.hu\/wp-content\/uploads\/2023\/06\/ceges_rendezvenyek_csapatepitesek_2-1.jpg?resize=410%2C164&amp;ssl=1 410w\" sizes=\"(max-width: 600px) 100vw, 500px\" \/><\/figure><\/figure><figure class=\"wp-block-gallery has-nested-images columns-default is-cropped wp-block-gallery-2 is-layout-flex wp-block-gallery-is-layout-flex\"><\/figure>",
        "protected": false
    },
    "excerpt": {
        "rendered": "<p>A csapat\u00e9p\u00edt\u0151 programok c\u00e9lja, hogy a munkat\u00e1rsak k\u00f6z\u00f6tti kommunik\u00e1ci\u00f3, egy\u00fcttm\u0171k\u00f6d\u00e9s, csapatmunka javuljon, \u00e9s a c\u00e9g fel\u00e9 ir\u00e1nyul\u00f3 a lojalit\u00e1s er\u0151s\u00f6dj\u00f6n. Ezek a rendezv\u00e9nyeket a Conference &amp; Event Management t\u00f6bb \u00e9ves&hellip;<\/p>",
        "protected": false
    },
    "author": 97,
    "featured_media": 18988,
    "comment_status": "closed",
    "ping_status": "closed",
    "template": "",
    "cpt_services_group": [
        242
    ],
    "class_list": [
        "post-18984",
        "cpt_services",
        "type-cpt_services",
        "status-publish",
        "has-post-thumbnail",
        "hentry",
        "cpt_services_group-ceges-rendezvenyek"
    ],
    "_links": {
        "self": [
            {
                "href": "https:\/\/conference.hu\/hu\/wp-json\/wp\/v2\/cpt_services\/18984",
                "targetHints": {
                    "allow": [
                        "GET"
                    ]
                }
            }
        ],
        "collection": [
            {
                "href": "https:\/\/conference.hu\/hu\/wp-json\/wp\/v2\/cpt_services"
            }
        ],
        "about": [
            {
                "href": "https:\/\/conference.hu\/hu\/wp-json\/wp\/v2\/types\/cpt_services"
            }
        ],
        "author": [
            {
                "embeddable": true,
                "href": "https:\/\/conference.hu\/hu\/wp-json\/wp\/v2\/users\/97"
            }
        ],
        "replies": [
            {
                "embeddable": true,
                "href": "https:\/\/conference.hu\/hu\/wp-json\/wp\/v2\/comments?post=18984"
            }
        ],
        "wp:featuredmedia": [
            {
                "embeddable": true,
                "href": "https:\/\/conference.hu\/hu\/wp-json\/wp\/v2\/media\/18988"
            }
        ],
        "wp:attachment": [
            {
                "href": "https:\/\/conference.hu\/hu\/wp-json\/wp\/v2\/media?parent=18984"
            }
        ],
        "wp:term": [
            {
                "taxonomy": "cpt_services_group",
                "embeddable": true,
                "href": "https:\/\/conference.hu\/hu\/wp-json\/wp\/v2\/cpt_services_group?post=18984"
            }
        ],
        "curies": [
            {
                "name": "wp",
                "href": "https:\/\/api.w.org\/{rel}",
                "templated": true
            }
        ]
    }
}