{
    "id": 18939,
    "date": "2023-06-26T20:25:07",
    "date_gmt": "2023-06-26T20:25:07",
    "guid": {
        "rendered": "https:\/\/eventmanagement.hu\/?post_type=cpt_services&#038;p=18939"
    },
    "modified": "2023-07-19T19:56:01",
    "modified_gmt": "2023-07-19T19:56:01",
    "slug": "treningek",
    "status": "publish",
    "type": "cpt_services",
    "link": "https:\/\/conference.hu\/hu\/ajanlat\/treningek\/",
    "title": {
        "rendered": "Tr\u00e9ningek"
    },
    "content": {
        "rendered": "<p>\u00c1ltal\u00e1ban kiscsoportos (5-20 f\u0151), \u00e1tlagosan egy t\u00e9mak\u00f6r k\u00f6r\u00e9 \u00e9p\u00fcl\u0151 tr\u00e9ningeket szervez\u00fcnk. Minden tr\u00e9ning alkalm\u00e1val k\u00e9szs\u00e9gfejleszt\u0151 m\u00f3dszerekkel dolgoz\u00f3 k\u00e9pzett vezet\u0151 (tr\u00e9ner) ir\u00e1ny\u00edtja a tr\u00e9ning folyamat\u00e1t.<\/p><p>A legt\u00f6bb tr\u00e9ning egy tr\u00e9ner vezet\u00e9s\u00e9vel zajlik, de esetenk\u00e9nt hat\u00e9konyabb, ha k\u00e9t tr\u00e9ner vezeti a folyamatot, kieg\u00e9sz\u00edtve, seg\u00edtve egym\u00e1st, \u00e9s ezzel n\u00f6velve a tr\u00e9ning gyakorlatok sikeress\u00e9g\u00e9t.<\/p><p>conference &amp; event management kft, rendezv\u00e9ny, c\u00e9ges rendezv\u00e9ny, rendezv\u00e9nyek, rendezv\u00e9nyszervez\u00e9s, rendezv\u00e9nyhelysz\u00edn, rendezv\u00e9nysorozat, tr\u00e9ning, tr\u00e9ner, catering, el\u0151ad\u00e1s<br>Rendezv\u00e9nyhelysz\u00edn v\u00e1laszt\u00e1sn\u00e1l fontos szempont, hogy \u00e1trendezhet\u0151 b\u00fatorzat\u00fa helyis\u00e9g legyen, amely alkalmas egy-egy el\u0151ad\u00e1s, illetve a kiscsoportos foglalkoz\u00e1sok megtart\u00e1s\u00e1ra is, mik\u00f6zben a csoport tagjai fesztelen\u00fcl \u00e9rezhetik magukat.<\/p><p>Ig\u00e9ny szerint min\u0151s\u00e9gi catering szolg\u00e1ltat\u00e1st is ny\u00fajtunk (k\u00e1v\u00e9 \u00e9s tea sz\u00fcnetek, sv\u00e9dasztalos vagy men\u00fcs eb\u00e9d, hangulatos vacsora stb.).<\/p><figure class=\"wp-block-gallery has-nested-images columns-default is-cropped wp-block-gallery-1 is-layout-flex wp-block-gallery-is-layout-flex\"><figure class=\"wp-block-image size-full\"><img data-recalc-dims=\"1\" fetchpriority=\"high\" decoding=\"async\" width=\"500\" height=\"200\" data-id=\"19033\" src=\"https:\/\/i0.wp.com\/eventmanagement.hu\/wp-content\/uploads\/2023\/06\/trening_trening_szervezes_4-1.jpg?resize=500%2C200&#038;ssl=1\" alt=\"\" class=\"wp-image-19033\" srcset=\"https:\/\/i0.wp.com\/conference.hu\/wp-content\/uploads\/2023\/06\/trening_trening_szervezes_4-1.jpg?w=500&amp;ssl=1 500w, https:\/\/i0.wp.com\/conference.hu\/wp-content\/uploads\/2023\/06\/trening_trening_szervezes_4-1.jpg?resize=300%2C120&amp;ssl=1 300w, https:\/\/i0.wp.com\/conference.hu\/wp-content\/uploads\/2023\/06\/trening_trening_szervezes_4-1.jpg?resize=370%2C148&amp;ssl=1 370w, https:\/\/i0.wp.com\/conference.hu\/wp-content\/uploads\/2023\/06\/trening_trening_szervezes_4-1.jpg?resize=410%2C164&amp;ssl=1 410w\" sizes=\"(max-width: 600px) 100vw, 500px\" \/><\/figure><\/figure>",
        "protected": false
    },
    "excerpt": {
        "rendered": "<p>\u00c1ltal\u00e1ban kiscsoportos (5-20 f\u0151), \u00e1tlagosan egy t\u00e9mak\u00f6r k\u00f6r\u00e9 \u00e9p\u00fcl\u0151 tr\u00e9ningeket szervez\u00fcnk. Minden tr\u00e9ning alkalm\u00e1val k\u00e9szs\u00e9gfejleszt\u0151 m\u00f3dszerekkel dolgoz\u00f3 k\u00e9pzett vezet\u0151 (tr\u00e9ner) ir\u00e1ny\u00edtja a tr\u00e9ning folyamat\u00e1t. A legt\u00f6bb tr\u00e9ning egy tr\u00e9ner vezet\u00e9s\u00e9vel&hellip;<\/p>",
        "protected": false
    },
    "author": 97,
    "featured_media": 18950,
    "comment_status": "closed",
    "ping_status": "closed",
    "template": "",
    "cpt_services_group": [
        241
    ],
    "class_list": [
        "post-18939",
        "cpt_services",
        "type-cpt_services",
        "status-publish",
        "has-post-thumbnail",
        "hentry",
        "cpt_services_group-konferencia-szervezes"
    ],
    "_links": {
        "self": [
            {
                "href": "https:\/\/conference.hu\/hu\/wp-json\/wp\/v2\/cpt_services\/18939",
                "targetHints": {
                    "allow": [
                        "GET"
                    ]
                }
            }
        ],
        "collection": [
            {
                "href": "https:\/\/conference.hu\/hu\/wp-json\/wp\/v2\/cpt_services"
            }
        ],
        "about": [
            {
                "href": "https:\/\/conference.hu\/hu\/wp-json\/wp\/v2\/types\/cpt_services"
            }
        ],
        "author": [
            {
                "embeddable": true,
                "href": "https:\/\/conference.hu\/hu\/wp-json\/wp\/v2\/users\/97"
            }
        ],
        "replies": [
            {
                "embeddable": true,
                "href": "https:\/\/conference.hu\/hu\/wp-json\/wp\/v2\/comments?post=18939"
            }
        ],
        "wp:featuredmedia": [
            {
                "embeddable": true,
                "href": "https:\/\/conference.hu\/hu\/wp-json\/wp\/v2\/media\/18950"
            }
        ],
        "wp:attachment": [
            {
                "href": "https:\/\/conference.hu\/hu\/wp-json\/wp\/v2\/media?parent=18939"
            }
        ],
        "wp:term": [
            {
                "taxonomy": "cpt_services_group",
                "embeddable": true,
                "href": "https:\/\/conference.hu\/hu\/wp-json\/wp\/v2\/cpt_services_group?post=18939"
            }
        ],
        "curies": [
            {
                "name": "wp",
                "href": "https:\/\/api.w.org\/{rel}",
                "templated": true
            }
        ]
    }
}